[{"@context":"https:\/\/schema.org\/","@type":"Article","@id":"https:\/\/www.mhks.cz\/stehovani-tezkych-bremen\/#Article","mainEntityOfPage":"https:\/\/www.mhks.cz\/stehovani-tezkych-bremen\/","headline":"St\u011bhov\u00e1n\u00ed t\u011b\u017ek\u00fdch b\u0159emen","name":"St\u011bhov\u00e1n\u00ed t\u011b\u017ek\u00fdch b\u0159emen","description":"Kdy\u017e se \u0159ekne \u201est\u011bhov\u00e1n\u00ed t\u011b\u017ek\u00fdch b\u0159emen\u201c, mo\u017en\u00e1 v\u00e1s napadnou p\u0159edm\u011bty, jako je trezor, klav\u00edrn\u00ed k\u0159\u00eddlo nebo soustruh. K t\u011b\u017ek\u00fdm b\u0159emen\u016fm v\u0161ak m\u016f\u017eeme za\u0159adit i docela b\u011b\u017en\u00e9 p\u0159edm\u011bty v dom\u00e1cnosti. Kdy\u017e jsem bydlel v okresn\u00edm m\u011bst\u011b na severu Moravy a st\u011bhoval jsem se do pronajat\u00e9ho bytu v centru m\u011bsta, byl jsem moc vd\u011b\u010dn\u00fd profesion\u00e1ln\u00edm st\u011bhov\u00e1k\u016fm, kte\u0159\u00ed [&hellip;]","datePublished":"2025-12-07","dateModified":"2025-12-07","author":{"@type":"Person","@id":"https:\/\/www.mhks.cz\/author\/#Person","name":"mhks.cz\n","url":"https:\/\/www.mhks.cz\/author\/","identifier":1,"image":{"@type":"ImageObject","@id":"https:\/\/secure.gravatar.com\/avatar\/01173f1da90dde8adb887d6793fa4e42c4004e53f8d645d9b1cb57c2dee8e188?s=96&d=mm&r=g","url":"https:\/\/secure.gravatar.com\/avatar\/01173f1da90dde8adb887d6793fa4e42c4004e53f8d645d9b1cb57c2dee8e188?s=96&d=mm&r=g","height":96,"width":96}},"publisher":{"@type":"Organization","name":"mhks.cz","logo":{"@type":"ImageObject","@id":"\/logo.png","url":"\/logo.png","width":600,"height":60}},"image":{"@type":"ImageObject","@id":"https:\/\/www.mhks.cz\/wp-content\/uploads\/cat-5453535_640_10_6.jpg","url":"https:\/\/www.mhks.cz\/wp-content\/uploads\/cat-5453535_640_10_6.jpg","height":0,"width":0},"url":"https:\/\/www.mhks.cz\/stehovani-tezkych-bremen\/","about":["Business"],"wordCount":418,"articleBody":"      Kdy\u017e se \u0159ekne \u201est\u011bhov\u00e1n\u00ed t\u011b\u017ek\u00fdch b\u0159emen\u201c, mo\u017en\u00e1 v\u00e1s napadnou p\u0159edm\u011bty, jako je trezor, klav\u00edrn\u00ed k\u0159\u00eddlo nebo soustruh. K t\u011b\u017ek\u00fdm b\u0159emen\u016fm v\u0161ak m\u016f\u017eeme za\u0159adit i docela b\u011b\u017en\u00e9 p\u0159edm\u011bty v dom\u00e1cnosti. Kdy\u017e jsem bydlel v okresn\u00edm m\u011bst\u011b na severu Moravy a st\u011bhoval jsem se do pronajat\u00e9ho bytu v centru m\u011bsta, byl jsem moc vd\u011b\u010dn\u00fd profesion\u00e1ln\u00edm st\u011bhov\u00e1k\u016fm, kte\u0159\u00ed si poradili s t\u00edm, co bych s\u00e1m nezvl\u00e1dl. Nem\u011bl jsem na to ani pot\u0159ebnou fyzickou zdatnost, ani \u017e\u00e1dn\u00e9 pomocn\u00edky, pouze k\u0159ehkou p\u0159\u00edtelkyni mal\u00e9ho vzr\u016fstu, kter\u00e1 nebyla schopna p\u0159en\u00e1\u0161et nic t\u011b\u017ek\u00e9ho.Sv\u00e9pomoc\u00ed jsem p\u0159est\u011bhoval pouze rozeb\u00edrateln\u00fd n\u00e1bytek a zabalen\u00e9 drobnosti do kartonov\u00fdch krabic a pak p\u0159i\u0161la na \u0159adu chladni\u010dka, automatick\u00e1 pra\u010dka a rozkl\u00e1dac\u00ed pohovka. V t\u00e9 dob\u011b jsme nem\u011bli \u017e\u00e1dn\u00fd koberec, ale kdybychom m\u011bli, i ten by st\u011bhov\u00e1ci p\u0159est\u011bhovali. Hmotnost svinut\u00fdch koberc\u016f m\u016f\u017ee n\u011bkdy p\u0159es\u00e1hnout i p\u016fl metr\u00e1ku a koberce se nav\u00edc mus\u00ed st\u011bhovat bez zalamov\u00e1n\u00ed, aby se jim nevytrhala vl\u00e1kna, a p\u0159i st\u011bhov\u00e1n\u00ed v Praze do vy\u0161\u0161\u00edch pater bez v\u00fdtahu se koberce mus\u00ed zvedat do v\u00fd\u0161ky a p\u0159en\u00e1\u0161et ve svisl\u00e9 poloze.Za velmi tvrd\u00fd o\u0159\u00ed\u0161ek jsem pova\u017eovat rozkl\u00e1dac\u00ed pohovku, kter\u00e1 se nedala rozebrat, a byla nav\u00edc velmi t\u011b\u017ek\u00e1 a bylo obt\u00ed\u017en\u00e9 ji pevn\u011b uchopit, nebo\u0165 m\u011bla zaoblen\u00e9 rohy pota\u017een\u00e9 kluzkou textili\u00ed. St\u011bhov\u00e1ci si v\u0161ak hrav\u011b poradili, se z\u00e1jmem jsem sledoval, s jakou lehkost\u00ed nejprve seb\u011bhli \u0161est pater odshora dol\u016f a pak vyb\u011bhli p\u011bt pater bez v\u00fdtahu nahoru. Neb\u00fdt profesion\u00e1ln\u00edch st\u011bhov\u00e1k\u016f, nev\u00edm, co bych si po\u010dal a jak bych vzniklou situaci \u0159e\u0161il. T\u00edmto chci jen nazna\u010dit, \u017ee i st\u011bhov\u00e1ky m\u016f\u017eeme za\u0159adit mezi d\u016fle\u017eit\u00e9 profese, kter\u00e9 jsou ve spole\u010dnosti naprosto nezbytn\u00e9. J\u00e1 osobn\u011b se p\u0159ed zru\u010dnost\u00ed a fyzickou schopnost\u00ed profesion\u00e1ln\u00edch st\u011bhov\u00e1k\u016f hluboce skl\u00e1n\u00edm a jsem r\u00e1d, \u017ee si tuto slu\u017ebu mohu vybrat nejen j\u00e1, ale i \u0159ada dal\u0161\u00edch z\u00e1jemc\u016f, kte\u0159\u00ed by st\u011bhov\u00e1n\u00ed sami nezvl\u00e1dli.                                                                                                                                                                                                                                                                                                                                                                                                  "},{"@context":"https:\/\/schema.org\/","@type":"BreadcrumbList","itemListElement":[{"@type":"ListItem","position":1,"name":"St\u011bhov\u00e1n\u00ed t\u011b\u017ek\u00fdch b\u0159emen","item":"https:\/\/www.mhks.cz\/stehovani-tezkych-bremen\/#breadcrumbitem"}]}]